{"id":1039,"date":"2025-02-03T09:33:53","date_gmt":"2025-02-03T09:33:53","guid":{"rendered":"https:\/\/mobsaint.com\/?p=1039"},"modified":"2025-02-03T09:33:54","modified_gmt":"2025-02-03T09:33:54","slug":"az-elektromos-es-onvezeto-autok-hatasa-a-varosi-mobilitasra","status":"publish","type":"post","link":"https:\/\/mobsaint.com\/hu\/o-impacto-dos-carros-eletricos-e-autonomos-na-mobilidade-urbana\/","title":{"rendered":"Az elektromos \u00e9s auton\u00f3m aut\u00f3k hat\u00e1sa a v\u00e1rosi mobilit\u00e1sra"},"content":{"rendered":"<p>A v\u00e1rosi mobilit\u00e1s technol\u00f3giavez\u00e9relt forradalmon megy kereszt\u00fcl. Az elektromos \u00e9s \u00f6nvezet\u0151 aut\u00f3k egyre gyakoribbak, \u00e9s \u00edg\u00e9retet tesznek arra, hogy \u00e1talak\u00edtj\u00e1k a v\u00e1rosokban val\u00f3 k\u00f6zleked\u00e9s\u00fcnket. Ezek a fejleszt\u00e9sek jelent\u0151s hat\u00e1ssal vannak a k\u00f6rnyezetre, az \u00fath\u00e1l\u00f3zatra \u00e9s a gazdas\u00e1gra. Ebben a cikkben felt\u00e1rjuk azokat a legfontosabb v\u00e1ltoz\u00e1sokat, amelyeket ezek az innov\u00e1ci\u00f3k a mobilit\u00e1s j\u00f6v\u0151j\u00e9be hoznak.<\/p>\n\n\n\n<h3 class=\"wp-block-heading\">Szennyez\u00e9scs\u00f6kkent\u00e9s \u00e9s fenntarthat\u00f3s\u00e1g<\/h3>\n\n\n\n<p>Az elektromos aut\u00f3k egyik legnagyobb el\u0151nye a k\u00f6rnyezetszennyez\u00e9s cs\u00f6kkent\u00e9se. A fosszilis t\u00fczel\u0151anyaggal m\u0171k\u00f6d\u0151 j\u00e1rm\u0171vekkel ellent\u00e9tben az elektromos aut\u00f3k nem bocs\u00e1tanak ki szennyez\u0151 g\u00e1zokat, ami hozz\u00e1j\u00e1rul a leveg\u0151min\u0151s\u00e9g jav\u00edt\u00e1s\u00e1hoz \u00e9s az \u00e9ghajlatv\u00e1ltoz\u00e1s hat\u00e1sainak cs\u00f6kkent\u00e9s\u00e9hez. Tov\u00e1bb\u00e1 a tiszta \u00e9s meg\u00fajul\u00f3 energia el\u0151\u00e1ll\u00edt\u00e1sa tov\u00e1bb n\u00f6velte ezen j\u00e1rm\u0171vek hat\u00e9konys\u00e1g\u00e1t.<\/p>\n\n\n\n<h3 class=\"wp-block-heading\">A torl\u00f3d\u00e1sok cs\u00f6kkent\u00e9se<\/h3>\n\n\n\n<p>Az \u00f6nvezet\u0151 aut\u00f3k, amelyek k\u00e9pesek optimaliz\u00e1lni a forgalmat \u00e9s cs\u00f6kkenteni az emberi hib\u00e1kat, jelent\u0151sen cs\u00f6kkenthetik a torl\u00f3d\u00e1sokat. A j\u00e1rm\u0171vek \u00e9s a v\u00e1rosi infrastrukt\u00fara k\u00f6z\u00f6tti kommunik\u00e1ci\u00f3s technol\u00f3gia lehet\u0151v\u00e9 teszi az \u00f6nvezet\u0151 aut\u00f3k sz\u00e1m\u00e1ra, hogy a legjobb \u00fatvonalakat v\u00e1lassz\u00e1k ki, a forgalomhoz igaz\u00edts\u00e1k sebess\u00e9g\u00fcket, \u00e9s minimaliz\u00e1lj\u00e1k a k\u00e9s\u00e9seket.<\/p>\n\n\n\n<h3 class=\"wp-block-heading\">K\u00f6z\u00fati biztons\u00e1g<\/h3>\n\n\n\n<p>A gyakran emberi hiba okozta k\u00f6zleked\u00e9si balesetek sz\u00e1ma cs\u00f6kkenthet\u0151 az \u00f6nvezet\u0151 j\u00e1rm\u0171vek bevezet\u00e9s\u00e9vel. Ezek az aut\u00f3k \u00e9rz\u00e9kel\u0151ket, radarokat \u00e9s fejlett algoritmusokat haszn\u00e1lnak az \u00fctk\u00f6z\u00e9sek el\u0151rejelz\u00e9s\u00e9re \u00e9s elker\u00fcl\u00e9s\u00e9re. Az olyan t\u00e9nyez\u0151k kik\u00fcsz\u00f6b\u00f6l\u00e9s\u00e9vel, mint a f\u00e1radts\u00e1g, a figyelemelterel\u00e9s \u00e9s a vakmer\u0151s\u00e9g, biztons\u00e1gosabb k\u00f6zleked\u00e9s v\u00e1rhat\u00f3 mind a gyalogosok, mind a sof\u0151r\u00f6k sz\u00e1m\u00e1ra.<\/p>\n\n\n\n<h3 class=\"wp-block-heading\">A v\u00e1rosi infrastrukt\u00far\u00e1ra gyakorolt hat\u00e1s<\/h3>\n\n\n\n<p>Az elektromos \u00e9s \u00f6nvezet\u0151 aut\u00f3k elterjed\u00e9se alkalmazkod\u00e1st ig\u00e9nyel a v\u00e1rosokt\u00f3l. T\u00f6bb elektromos j\u00e1rm\u0171 t\u00f6lt\u0151pontba kell befektetni, jav\u00edtani kell az \u00fath\u00e1l\u00f3zat \u00f6sszek\u00f6ttet\u00e9s\u00e9t az aut\u00f3k k\u00f6z\u00f6tti kommunik\u00e1ci\u00f3 lehet\u0151v\u00e9 t\u00e9tele \u00e9rdek\u00e9ben, \u00e9s korszer\u0171s\u00edteni kell a forgalomir\u00e1ny\u00edt\u00e1si rendszereket. A vil\u00e1g egyes v\u00e1rosai m\u00e1r most is beruh\u00e1znak intelligens infrastrukt\u00far\u00e1ba, hogy t\u00e1mogass\u00e1k ezt az \u00e1tmenetet.<\/p>\n\n\n\n<h3 class=\"wp-block-heading\">Kih\u00edv\u00e1sok \u00e9s akad\u00e1lyok<\/h3>\n\n\n\n<p>Az el\u0151ny\u00f6k ellen\u00e9re az elektromos \u00e9s \u00f6nvezet\u0151 aut\u00f3k elterjed\u00e9se tov\u00e1bbra is kih\u00edv\u00e1sokkal n\u00e9z szembe. A j\u00e1rm\u0171vek magas kezdeti k\u00f6lts\u00e9ge, a nagyobb akkumul\u00e1tor-hat\u00f3t\u00e1vols\u00e1g ir\u00e1nti ig\u00e9ny \u00e9s a szab\u00e1lyoz\u00e1si ellen\u00e1ll\u00e1s a f\u0151 akad\u00e1lyok k\u00f6z\u00e9 tartozik. Tov\u00e1bb\u00e1 a kiberbiztons\u00e1g kulcsfontoss\u00e1g\u00fa k\u00e9rd\u00e9ss\u00e9 v\u00e1lik, mivel ezek az aut\u00f3k olyan digit\u00e1lis rendszerekt\u0151l f\u00fcggenek, amelyeket t\u00e1mad\u00e1sok c\u00e9lba vehetnek.<\/p>\n\n\n\n<h3 class=\"wp-block-heading\">A v\u00e1rosi mobilit\u00e1s j\u00f6v\u0151je<\/h3>\n\n\n\n<p>A technol\u00f3giai fejl\u0151d\u00e9snek \u00e9s az \u00e1gazatba t\u00f6rt\u00e9n\u0151 megn\u00f6vekedett beruh\u00e1z\u00e1soknak k\u00f6sz\u00f6nhet\u0151en az elektromos \u00e9s \u00f6nvezet\u0151 aut\u00f3k v\u00e1rhat\u00f3an egyre el\u00e9rhet\u0151bb\u00e9 \u00e9s hat\u00e9konyabb\u00e1 v\u00e1lnak. A v\u00e1llalatok \u00e9s a korm\u00e1nyok kutat\u00e1sokba fektetnek be ezen innov\u00e1ci\u00f3k fejleszt\u00e9se \u00e9s a fenntarthat\u00f3bb \u00e9s intelligensebb k\u00f6zleked\u00e9si rendszerre val\u00f3 \u00e1tt\u00e9r\u00e9s felgyors\u00edt\u00e1sa \u00e9rdek\u00e9ben.<\/p>\n\n\n\n<h3 class=\"wp-block-heading\">K\u00f6vetkeztet\u00e9s<\/h3>\n\n\n\n<p>Az elektromos \u00e9s \u00f6nvezet\u0151 aut\u00f3k \u00e1talak\u00edthatj\u00e1k a v\u00e1rosi mobilit\u00e1st, tiszt\u00e1bb\u00e1, biztons\u00e1gosabb\u00e1 \u00e9s hat\u00e9konyabb\u00e1 t\u00e9ve a v\u00e1rosokat. Ahhoz azonban, hogy ez az \u00e1tmenet hat\u00e9konyan menjen v\u00e9gbe, elengedhetetlen, hogy a korm\u00e1nyok, az ipar\u00e1gak \u00e9s a t\u00e1rsadalom egy\u00fcttm\u0171k\u00f6djenek a kih\u00edv\u00e1sok lek\u00fczd\u00e9s\u00e9ben, \u00e9s biztos\u00edts\u00e1k, hogy ez a forradalom mindenki sz\u00e1m\u00e1ra el\u0151ny\u00f6s legyen.<\/p>","protected":false},"excerpt":{"rendered":"<p>A mobilidade urbana est\u00e1 passando por uma revolu\u00e7\u00e3o impulsionada pela tecnologia. Os carros el\u00e9tricos e aut\u00f4nomos est\u00e3o se tornando cada vez mais comuns e prometem transformar a forma como nos deslocamos dentro das cidades. Esses avan\u00e7os trazem impactos significativos para o meio ambiente, a infraestrutura vi\u00e1ria e a economia. Neste artigo, exploramos as principais mudan\u00e7as &#8230; <a title=\"Az elektromos \u00e9s auton\u00f3m aut\u00f3k hat\u00e1sa a v\u00e1rosi mobilit\u00e1sra\" class=\"read-more\" href=\"https:\/\/mobsaint.com\/hu\/o-impacto-dos-carros-eletricos-e-autonomos-na-mobilidade-urbana\/\" aria-label=\"Read more about O Impacto dos Carros El\u00e9tricos e Aut\u00f4nomos na Mobilidade Urbana\">b\u0151vebben<\/a><\/p>","protected":false},"author":1,"featured_media":1040,"comment_status":"closed","ping_status":"closed","sticky":false,"template":"","format":"standard","meta":{"footnotes":""},"categories":[3],"tags":[],"class_list":["post-1039","post","type-post","status-publish","format-standard","has-post-thumbnail","hentry","category-tecnologia"],"_links":{"self":[{"href":"https:\/\/mobsaint.com\/hu\/wp-json\/wp\/v2\/posts\/1039","targetHints":{"allow":["GET"]}}],"collection":[{"href":"https:\/\/mobsaint.com\/hu\/wp-json\/wp\/v2\/posts"}],"about":[{"href":"https:\/\/mobsaint.com\/hu\/wp-json\/wp\/v2\/types\/post"}],"author":[{"embeddable":true,"href":"https:\/\/mobsaint.com\/hu\/wp-json\/wp\/v2\/users\/1"}],"replies":[{"embeddable":true,"href":"https:\/\/mobsaint.com\/hu\/wp-json\/wp\/v2\/comments?post=1039"}],"version-history":[{"count":1,"href":"https:\/\/mobsaint.com\/hu\/wp-json\/wp\/v2\/posts\/1039\/revisions"}],"predecessor-version":[{"id":1041,"href":"https:\/\/mobsaint.com\/hu\/wp-json\/wp\/v2\/posts\/1039\/revisions\/1041"}],"wp:featuredmedia":[{"embeddable":true,"href":"https:\/\/mobsaint.com\/hu\/wp-json\/wp\/v2\/media\/1040"}],"wp:attachment":[{"href":"https:\/\/mobsaint.com\/hu\/wp-json\/wp\/v2\/media?parent=1039"}],"wp:term":[{"taxonomy":"category","embeddable":true,"href":"https:\/\/mobsaint.com\/hu\/wp-json\/wp\/v2\/categories?post=1039"},{"taxonomy":"post_tag","embeddable":true,"href":"https:\/\/mobsaint.com\/hu\/wp-json\/wp\/v2\/tags?post=1039"}],"curies":[{"name":"wp","href":"https:\/\/api.w.org\/{rel}","templated":true}]}}